{"id":2931,"date":"2021-05-07T07:20:16","date_gmt":"2021-05-07T07:20:16","guid":{"rendered":"http:\/\/abmostoles.com\/?p=2931"},"modified":"2021-05-19T16:23:09","modified_gmt":"2021-05-19T16:23:09","slug":"vi-torneo-de-baloncesto-inclusivo-3pa3-c-b-raices-a-b-m","status":"publish","type":"post","link":"http:\/\/abmostoles.com\/wordpress\/?p=2931","title":{"rendered":"VI Torneo de Baloncesto Inclusivo 3p\u00e13 &#8211; C.B Ra\u00edces &#038; A.B.M. &#8211; Fecha Actualizada!!!"},"content":{"rendered":"<p>Os informamos que el <strong>19 y 20 de Junio del 2021, en el polideportivo Villafontana (Calle Hermanos Pinz\u00f3n 18) de M\u00f3stoles<\/strong>, se realizara la edici\u00f3n VI del Torneo de Baloncesto inclusivo &#8220;3p\u00e13&#8221;, que organizamos conjuntamente entre el <strong>Club Baloncesto Ra\u00edces<\/strong> y la <strong>Asociaci\u00f3n de Baloncesto M\u00f3stoles<\/strong>.<br \/>\n<br \/>\n<strong><u>Inscripciones al torneo:<\/u><\/strong><\/p>\n<ul>\n<li>Web C.B. Raices : <a href=\"https:\/\/clubbaloncestoraices.es\/inscripciones-3pa3\/\">VI Torneo de Baloncesto Inclusivo 3p\u00e13<br \/>\n<a href=\"https:\/\/clubbaloncestoraices.es\/inscripciones-3pa3\/\"><img loading=\"lazy\" src=\"http:\/\/abmostoles.com\/wordpress\/wp-content\/uploads\/2021\/05\/new3pa3.jpg\" alt=\"VI del Torneo de Baloncesto inclusivo 3p\u00e13\" title=\"VI del Torneo de Baloncesto inclusivo 3p\u00e13\" width=\"375\" height=\"524\" class=\"aligncenter size-full wp-image-2935\" \/><\/a><\/p>\n<\/li>\n<\/ul>\n<p>\n<strong><u>Categor\u00edas Torneo<\/u><\/strong><\/p>\n<ul>\n<li><strong>BABY-BASKET<\/strong><\/li>\n<li><strong>BENJAMIN<\/strong><\/li>\n<li><strong>ALEVIN<\/strong><\/li>\n<li><strong>INFANTIL<\/strong><\/li>\n<li><strong>CADETE<\/strong><\/li>\n<li><strong>JUNIOR<\/strong><\/li>\n<li><strong>SENIOR<\/strong><\/li>\n<\/ul>\n<p>\n<strong><u>Concursos<\/u><\/strong><\/p>\n<ul>\n<li><strong>Tiros Libres<\/strong><\/li>\n<li><strong>Triples<\/strong><\/li>\n<li><strong>Habilidades<\/strong><\/li>\n<\/ul>\n<p>\n<strong><u>Informaci\u00f3n<\/u><\/strong>: <\/p>\n<ul>\n<li><strong>3pa3@clubbaloncestoraices.es<\/strong><\/li>\n<\/ul>\n<\/li>\n<\/ul>\n<p><\/p>\n","protected":false},"excerpt":{"rendered":"<p>Os informamos que el 19 y 20 de Junio del 2021, en el polideportivo Villafontana (Calle Hermanos Pinz\u00f3n 18) de M\u00f3stoles, se realizara la edici\u00f3n VI del Torneo de Baloncesto inclusivo &#8220;3p\u00e13&#8221;, que organizamos conjuntamente entre el Club Baloncesto Ra\u00edces y la Asociaci\u00f3n de Baloncesto M\u00f3stoles. Inscripciones al torneo: Web C.B. Raices : VI Torneo <a href='http:\/\/abmostoles.com\/wordpress\/?p=2931'>[&#8230;]<\/a><\/p>\n","protected":false},"author":1,"featured_media":0,"comment_status":"open","ping_status":"open","sticky":false,"template":"","format":"standard","meta":[],"categories":[1],"tags":[],"_links":{"self":[{"href":"http:\/\/abmostoles.com\/wordpress\/index.php?rest_route=\/wp\/v2\/posts\/2931"}],"collection":[{"href":"http:\/\/abmostoles.com\/wordpress\/index.php?rest_route=\/wp\/v2\/posts"}],"about":[{"href":"http:\/\/abmostoles.com\/wordpress\/index.php?rest_route=\/wp\/v2\/types\/post"}],"author":[{"embeddable":true,"href":"http:\/\/abmostoles.com\/wordpress\/index.php?rest_route=\/wp\/v2\/users\/1"}],"replies":[{"embeddable":true,"href":"http:\/\/abmostoles.com\/wordpress\/index.php?rest_route=%2Fwp%2Fv2%2Fcomments&post=2931"}],"version-history":[{"count":11,"href":"http:\/\/abmostoles.com\/wordpress\/index.php?rest_route=\/wp\/v2\/posts\/2931\/revisions"}],"predecessor-version":[{"id":2945,"href":"http:\/\/abmostoles.com\/wordpress\/index.php?rest_route=\/wp\/v2\/posts\/2931\/revisions\/2945"}],"wp:attachment":[{"href":"http:\/\/abmostoles.com\/wordpress\/index.php?rest_route=%2Fwp%2Fv2%2Fmedia&parent=2931"}],"wp:term":[{"taxonomy":"category","embeddable":true,"href":"http:\/\/abmostoles.com\/wordpress\/index.php?rest_route=%2Fwp%2Fv2%2Fcategories&post=2931"},{"taxonomy":"post_tag","embeddable":true,"href":"http:\/\/abmostoles.com\/wordpress\/index.php?rest_route=%2Fwp%2Fv2%2Ftags&post=2931"}],"curies":[{"name":"wp","href":"https:\/\/api.w.org\/{rel}","templated":true}]}}