{"id":2804,"date":"2018-02-14T13:29:21","date_gmt":"2018-02-14T13:29:21","guid":{"rendered":"http:\/\/abmostoles.com\/?p=2804"},"modified":"2018-02-14T13:29:21","modified_gmt":"2018-02-14T13:29:21","slug":"convocatoria-asamblea-general-ordinaria-abm-22-02-2018","status":"publish","type":"post","link":"http:\/\/abmostoles.com\/wordpress\/?p=2804","title":{"rendered":"CONVOCATORIA ASAMBLEA GENERAL ORDINARIA ABM 22-02-2018"},"content":{"rendered":"<p>Estimados socios:<\/p>\n<p>Quedan convocados a la <strong>Asamblea General Ordinaria de nuestra asociaci\u00f3n<\/strong>, que tendr\u00e1 lugar <strong>el pr\u00f3ximo jueves 22 de febrero de 2018 a las 18:30<\/strong>, en primera convocatoria y a las 19:00 en segunda y \u00faltima convocatoria, para todos nuestros asociados presentes o representados. Tendr\u00e1 lugar en nuestro local, situado en los bajos del polideportivo Los Rosales, calle Lilas s\/n en M\u00f3stoles(Madrid).<\/p>\n<p>El orden del d\u00eda ser\u00e1 el siguiente:<\/p>\n<ol>\n<li value=\"1\">Lectura y aprobaci\u00f3n, si procede, del acta anterior.<\/li>\n<li value=\"2\">Presentaci\u00f3n de las cuentas del a\u00f1o 2017.<\/li>\n<li value=\"3\">Presentaci\u00f3n de las actividades de ABM para el a\u00f1o 2018.<\/li>\n<li value=\"4\">Presentaci\u00f3n del presupuesto del a\u00f1o 2018.<\/li>\n<li value=\"5\">Cuota para el a\u00f1o 2019.<\/li>\n<li value=\"6\">Firma del convenio de la temporada actual con el Ayuntamiento.<\/li>\n<li value=\"7\">Posible cesi\u00f3n parcial de nuestra sede social al club baloncesto Ra\u00edces.<\/li>\n<li value=\"8\">Pabell\u00f3n de entrenamientos, responsables llaves y cesi\u00f3n a equipo\/s femeninos.<\/li>\n<li value=\"9\">Ruegos y preguntas.<\/li>\n<\/ol>\n<p>Gracias por vuestra atenci\u00f3n, os esperamos.<\/p>\n","protected":false},"excerpt":{"rendered":"<p>Estimados socios: Quedan convocados a la Asamblea General Ordinaria de nuestra asociaci\u00f3n, que tendr\u00e1 lugar el pr\u00f3ximo jueves 22 de febrero de 2018 a las 18:30, en primera convocatoria y a las 19:00 en segunda y \u00faltima convocatoria, para todos nuestros asociados presentes o representados. Tendr\u00e1 lugar en nuestro local, situado en los bajos del <a href='http:\/\/abmostoles.com\/wordpress\/?p=2804'>[&#8230;]<\/a><\/p>\n","protected":false},"author":1,"featured_media":0,"comment_status":"open","ping_status":"open","sticky":false,"template":"","format":"standard","meta":[],"categories":[1],"tags":[],"_links":{"self":[{"href":"http:\/\/abmostoles.com\/wordpress\/index.php?rest_route=\/wp\/v2\/posts\/2804"}],"collection":[{"href":"http:\/\/abmostoles.com\/wordpress\/index.php?rest_route=\/wp\/v2\/posts"}],"about":[{"href":"http:\/\/abmostoles.com\/wordpress\/index.php?rest_route=\/wp\/v2\/types\/post"}],"author":[{"embeddable":true,"href":"http:\/\/abmostoles.com\/wordpress\/index.php?rest_route=\/wp\/v2\/users\/1"}],"replies":[{"embeddable":true,"href":"http:\/\/abmostoles.com\/wordpress\/index.php?rest_route=%2Fwp%2Fv2%2Fcomments&post=2804"}],"version-history":[{"count":2,"href":"http:\/\/abmostoles.com\/wordpress\/index.php?rest_route=\/wp\/v2\/posts\/2804\/revisions"}],"predecessor-version":[{"id":2807,"href":"http:\/\/abmostoles.com\/wordpress\/index.php?rest_route=\/wp\/v2\/posts\/2804\/revisions\/2807"}],"wp:attachment":[{"href":"http:\/\/abmostoles.com\/wordpress\/index.php?rest_route=%2Fwp%2Fv2%2Fmedia&parent=2804"}],"wp:term":[{"taxonomy":"category","embeddable":true,"href":"http:\/\/abmostoles.com\/wordpress\/index.php?rest_route=%2Fwp%2Fv2%2Fcategories&post=2804"},{"taxonomy":"post_tag","embeddable":true,"href":"http:\/\/abmostoles.com\/wordpress\/index.php?rest_route=%2Fwp%2Fv2%2Ftags&post=2804"}],"curies":[{"name":"wp","href":"https:\/\/api.w.org\/{rel}","templated":true}]}}