{"id":1391,"date":"2012-06-01T07:59:33","date_gmt":"2012-06-01T07:59:33","guid":{"rendered":"http:\/\/abmostoles.com\/?p=1391"},"modified":"2012-07-27T05:37:14","modified_gmt":"2012-07-27T05:37:14","slug":"jornada-de-luto-en-la-liga-municipal","status":"publish","type":"post","link":"http:\/\/abmostoles.com\/wordpress\/?p=1391","title":{"rendered":"Jornada de Luto en la Liga Municipal."},"content":{"rendered":"<p>Jornada de luto en el baloncesto municipal.<\/p>\n<p><a href=\"http:\/\/abmostoles.com\/wordpress\/wp-content\/uploads\/2012\/05\/Balon-luto.jpg\"><img loading=\"lazy\" class=\"aligncenter size-full wp-image-1347\" title=\"Balon-luto\" src=\"http:\/\/abmostoles.com\/wordpress\/wp-content\/uploads\/2012\/05\/Balon-luto.jpg\" alt=\"\" width=\"142\" height=\"142\" srcset=\"http:\/\/abmostoles.com\/wordpress\/wp-content\/uploads\/2012\/05\/Balon-luto.jpg 283w, http:\/\/abmostoles.com\/wordpress\/wp-content\/uploads\/2012\/05\/Balon-luto-150x150.jpg 150w, http:\/\/abmostoles.com\/wordpress\/wp-content\/uploads\/2012\/05\/Balon-luto-96x96.jpg 96w, http:\/\/abmostoles.com\/wordpress\/wp-content\/uploads\/2012\/05\/Balon-luto-24x24.jpg 24w, http:\/\/abmostoles.com\/wordpress\/wp-content\/uploads\/2012\/05\/Balon-luto-36x36.jpg 36w, http:\/\/abmostoles.com\/wordpress\/wp-content\/uploads\/2012\/05\/Balon-luto-48x48.jpg 48w, http:\/\/abmostoles.com\/wordpress\/wp-content\/uploads\/2012\/05\/Balon-luto-64x64.jpg 64w\" sizes=\"(max-width: 142px) 100vw, 142px\" \/><\/a><\/p>\n<p>El jugador de la Liga que form\u00f3 parte del equipo de Los Pelukas, <strong>Francisco Sevillano Reyes<\/strong> falleci\u00f3 el 5 de mayo a los 29 a\u00f1os de edad, tras no superar la lucha contra el c\u00e1ncer que le detectaron hace 2 a\u00f1os. Sus inicios en el baloncesto fueron en Legan\u00e9s con algunos de los componentes del Canupa. DEP. Sus compa\u00f1eros recuerdan frases muy presentes para \u00e9l como:<\/p>\n<p>-&#8220;No hay m\u00e1s que temer que a tu propio miedo&#8221;.<\/p>\n<p>-&#8220;Vive conforme piensas, o de lo contrario acabar\u00e1s pensando de igual manera que has vivido&#8221;<\/p>\n<p>-&#8220;Si deseas algo con mucha fuerza, debes dejarlo en libertad. Si vuelve, ser\u00e1 tuyo para siempre. Sino, no te pertenec\u00eda desde el principio.<\/p>\n<p>-&#8220;If you don&#8217;t believe in yourself, anyone else will&#8221;<\/p>\n<p>-&#8220;int\u00e9ntalo, arri\u00e9sgate, vuelve a fallar&#8230; pero falla mejor&#8221;<\/p>\n<p>&nbsp;<\/p>\n<p>Tambi\u00e9n ha fallecido\u00a0<strong>D\u00f1a. Virginia San Martin Arribas<\/strong>,\u00a0madre de\u00a0<em>Miguel \u00c1ngel Gonz\u00e1lez San Mart\u00edn (responsable de \u00e1rbitros)<\/em> y de <em>Pedro Pablo Gonz\u00e1lez San Mart\u00edn<\/em> jugador del <em>Avenida<\/em>, ambos ligados al baloncesto de M\u00f3stoles desde hace muchos, muchos a\u00f1os. En la madrugada del jueves 31 de mayo nos dej\u00f3 definitivamente. DEP<\/p>\n<p>Por las dos p\u00e9rdidas y por iniciativa expresa de la ABM, la jornada del 2-3 de junio ser\u00e1 Jornada de Luto en el baloncesto Municipal y se guardar\u00e1 un minuto de silencio, antes del inicio de cada partido.<\/p>\n","protected":false},"excerpt":{"rendered":"<p>Jornada de luto en el baloncesto municipal. El jugador de la Liga que form\u00f3 parte del equipo de Los Pelukas, Francisco Sevillano Reyes falleci\u00f3 el 5 de mayo a los 29 a\u00f1os de edad, tras no superar la lucha contra el c\u00e1ncer que le detectaron hace 2 a\u00f1os. Sus inicios en el baloncesto fueron en <a href='http:\/\/abmostoles.com\/wordpress\/?p=1391'>[&#8230;]<\/a><\/p>\n","protected":false},"author":1,"featured_media":0,"comment_status":"open","ping_status":"open","sticky":false,"template":"","format":"standard","meta":[],"categories":[1],"tags":[],"_links":{"self":[{"href":"http:\/\/abmostoles.com\/wordpress\/index.php?rest_route=\/wp\/v2\/posts\/1391"}],"collection":[{"href":"http:\/\/abmostoles.com\/wordpress\/index.php?rest_route=\/wp\/v2\/posts"}],"about":[{"href":"http:\/\/abmostoles.com\/wordpress\/index.php?rest_route=\/wp\/v2\/types\/post"}],"author":[{"embeddable":true,"href":"http:\/\/abmostoles.com\/wordpress\/index.php?rest_route=\/wp\/v2\/users\/1"}],"replies":[{"embeddable":true,"href":"http:\/\/abmostoles.com\/wordpress\/index.php?rest_route=%2Fwp%2Fv2%2Fcomments&post=1391"}],"version-history":[{"count":6,"href":"http:\/\/abmostoles.com\/wordpress\/index.php?rest_route=\/wp\/v2\/posts\/1391\/revisions"}],"predecessor-version":[{"id":1393,"href":"http:\/\/abmostoles.com\/wordpress\/index.php?rest_route=\/wp\/v2\/posts\/1391\/revisions\/1393"}],"wp:attachment":[{"href":"http:\/\/abmostoles.com\/wordpress\/index.php?rest_route=%2Fwp%2Fv2%2Fmedia&parent=1391"}],"wp:term":[{"taxonomy":"category","embeddable":true,"href":"http:\/\/abmostoles.com\/wordpress\/index.php?rest_route=%2Fwp%2Fv2%2Fcategories&post=1391"},{"taxonomy":"post_tag","embeddable":true,"href":"http:\/\/abmostoles.com\/wordpress\/index.php?rest_route=%2Fwp%2Fv2%2Ftags&post=1391"}],"curies":[{"name":"wp","href":"https:\/\/api.w.org\/{rel}","templated":true}]}}