{"id":1250,"date":"2012-04-22T22:10:08","date_gmt":"2012-04-22T22:10:08","guid":{"rendered":"http:\/\/abmostoles.com\/wordpress\/index.php\/?p=1250"},"modified":"2012-04-27T11:14:11","modified_gmt":"2012-04-27T11:14:11","slug":"%c2%a1%c2%a1%c2%a1record-de-participacion-en-un-all-star-abm","status":"publish","type":"post","link":"http:\/\/abmostoles.com\/wordpress\/?p=1250","title":{"rendered":"\u00a1\u00a1\u00a1RECORD DE PARTICIPACI\u00d3N EN UN ALL STAR ABM!!!"},"content":{"rendered":"<div style=\"text-align: left; padding-left: 30px;\"><a href=\"http:\/\/abmostoles.com\/wordpress\/wp-content\/uploads\/2012\/04\/Camiseta-Felix-posando-web.jpg\"><\/a><a href=\"http:\/\/abmostoles.com\/wordpress\/wp-content\/uploads\/2012\/04\/Felipe-Metralleta-web.jpg\"><\/a>Inmejorable forma de celebrar una d\u00e9cada organizando el ALL STAR POR LA CONVIVENCIA.<br \/>\nGracias al trabajo realizado por los <strong>voluntarios<\/strong> y a la importante colaboraci\u00f3n de los <strong>profesores de Educaci\u00f3n F\u00edsica<\/strong> de los muchos colegios participantes, hemos conseguido superar los 490 participantes del a\u00f1o 2005, llegando <strong>en esta 10\u00aa edici\u00f3n a 512 ni\u00f1os, <\/strong>con m\u00e1s de 770 espectadores, para un total de <strong>m\u00e1s de 1300 personas<\/strong> incluyendo voluntarios y homenajeados.<\/div>\n<div id=\"attachment_1276\" style=\"width: 510px\" class=\"wp-caption aligncenter\"><a href=\"http:\/\/abmostoles.com\/wordpress\/wp-content\/uploads\/2012\/04\/Publico-2-desde-abajo-web.jpg\"><img aria-describedby=\"caption-attachment-1276\" loading=\"lazy\" class=\"size-full wp-image-1276\" title=\"Publico 2 desde abajo web\" src=\"http:\/\/abmostoles.com\/wordpress\/wp-content\/uploads\/2012\/04\/Publico-2-desde-abajo-web.jpg\" alt=\"\" width=\"500\" height=\"332\" srcset=\"http:\/\/abmostoles.com\/wordpress\/wp-content\/uploads\/2012\/04\/Publico-2-desde-abajo-web.jpg 500w, http:\/\/abmostoles.com\/wordpress\/wp-content\/uploads\/2012\/04\/Publico-2-desde-abajo-web-300x199.jpg 300w\" sizes=\"(max-width: 500px) 100vw, 500px\" \/><\/a><p id=\"caption-attachment-1276\" class=\"wp-caption-text\">Panor\u00e1mica del p\u00fablico desde la esquina de la pista con Juan Carlos y C\u00e9sar cogiendo los rebotes<\/p><\/div>\n<div style=\"text-align: center; padding-left: 30px;\"><a href=\"http:\/\/abmostoles.com\/wordpress\/wp-content\/uploads\/2012\/04\/Alfredo-intendencia-web1.jpg\"><\/a><\/div>\n<div style=\"padding-left: 30px;\">El desglose de la participaci\u00f3n fue de 154 en categor\u00eda de ESCUELA, 170 en categor\u00eda de BENJAMIN, 120 en categor\u00eda de ALEV\u00cdN, 35 en categor\u00eda de INFANTIL y de 33 en categor\u00eda de CADETE.<\/div>\n<div style=\"padding-left: 30px;\">De esta forma se consigui\u00f3 <strong>superar por 1\u00aa vez, el medio millar de participantes<\/strong> siempre con el fin de fomentar la convivencia entre ni\u00f1os de distintos or\u00edgenes y nacionalidades, a trav\u00e9s del baloncesto.<br \/>\nUna labor, la de la <strong>Asociaci\u00f3n de Baloncesto en M\u00f3stoles<\/strong>, que contin\u00faa y continuar\u00e1 siendo altruista y desinteresada y que tiene como recompensa el ilusionar a tantos y tantos ni\u00f1os que han participado a lo largo 10 a\u00f1os, <em>integrar en nuestra sociedad a las familias inmigrantes a trav\u00e9s del Baloncesto<\/em> y desarrollar una labor muy muy grande en el tercer mundo a trav\u00e9s de UNICEF y F.VICENTE FERRER.<\/div>\n<div style=\"padding-left: 30px;\"><em>A todos los participantes se les entreg\u00f3 una camiseta conmemorativa, una merienda y bebida, totalmente gratis.<\/em><\/div>\n<div id=\"attachment_1283\" style=\"width: 510px\" class=\"wp-caption aligncenter\"><a href=\"http:\/\/abmostoles.com\/wordpress\/wp-content\/uploads\/2012\/04\/Publico-4-con-Mila-y-Carmen-web.jpg\"><img aria-describedby=\"caption-attachment-1283\" loading=\"lazy\" class=\"size-full wp-image-1283\" title=\"Publico 4 con Mila y Carmen web\" src=\"http:\/\/abmostoles.com\/wordpress\/wp-content\/uploads\/2012\/04\/Publico-4-con-Mila-y-Carmen-web.jpg\" alt=\"\" width=\"500\" height=\"332\" srcset=\"http:\/\/abmostoles.com\/wordpress\/wp-content\/uploads\/2012\/04\/Publico-4-con-Mila-y-Carmen-web.jpg 500w, http:\/\/abmostoles.com\/wordpress\/wp-content\/uploads\/2012\/04\/Publico-4-con-Mila-y-Carmen-web-300x199.jpg 300w\" sizes=\"(max-width: 500px) 100vw, 500px\" \/><\/a><p id=\"caption-attachment-1283\" class=\"wp-caption-text\">Mila y Carmen, dos de nuestras voluntarias en grupo de ni\u00f1as Benjamines<\/p><\/div>\n<div style=\"padding-left: 30px;\">En el desarrollo del Torneo se hizo un inciso para rendir homenaje a un grupo de jugadores amateur que durante m\u00e1s de 25 a\u00f1os han estado bajando a las pistas exteriores de <strong>&#8220;El Soto&#8221;<\/strong> todos los domingos a las 9:00 de la ma\u00f1ana. El <strong>Concejal de Deportes D. Francisco Vargas<\/strong> y el <strong>Presidente de la ABM Alejandro \u00c1lvarez<\/strong>, hicieron la entrega de los trofeos a este grupo de pioneros del basket en M\u00f3stoles. <strong>Ricardo, Manolo, Fernando, Richard, Jorge, Manolo Mu\u00f1oz, Miguel \u00c1ngel Velasco, \u00c1ngel Marchante, Pedro y Felix <\/strong>que no pudo recoger el trofeo por un problema de salud. Todos sus compa\u00f1eros firmaron una camiseta del All Star que le ir\u00e1n a entregar junto con el Trofeo que recogieron ellos mismos en su nombre.<\/div>\n<div style=\"width: 410px\" class=\"wp-caption aligncenter\"><a href=\"http:\/\/abmostoles.com\/wordpress\/wp-content\/uploads\/2012\/04\/Camiseta-Felix-posando-web.jpg\"><img loading=\"lazy\" title=\"Camiseta Felix posando web\" src=\"http:\/\/abmostoles.com\/wordpress\/wp-content\/uploads\/2012\/04\/Camiseta-Felix-posando-web.jpg\" alt=\"\" width=\"400\" height=\"323\" \/><\/a><p class=\"wp-caption-text\">De izda. a dcha. Atr\u00e1s, Minas, Fernan, Juan, Richard, \u00c1ngel. Delante, Miguel, Pedro, Jorge, Ricardo, Manolo Mu\u00f1oz, Manolo y Alex. <\/p><\/div>\n<div style=\"padding-left: 30px;\">En el mismo par\u00f3n, <em>se realiz\u00f3 la entrega<\/em> del <strong>II Trofeo Antonio Ardila<\/strong>, a la trayectoria como Voluntario ABM, que recay\u00f3 en <strong>Antonio &#8220;To\u00f1o&#8221; Lourido<\/strong>. Hicieron la entrega los hermanos del fallecido voluntario de ABM, que da nombre al Trofeo, <strong>Ismael, Rub\u00e9n y Jes\u00fas Ardila<\/strong>.<\/div>\n<div id=\"attachment_1268\" style=\"width: 410px\" class=\"wp-caption aligncenter\"><a href=\"http:\/\/abmostoles.com\/wordpress\/wp-content\/uploads\/2012\/04\/II-TROFEO-ANTONIO-ARDILA-web1.jpg\"><img aria-describedby=\"caption-attachment-1268\" loading=\"lazy\" class=\"size-full wp-image-1268\" title=\"II TROFEO ANTONIO ARDILA web\" src=\"http:\/\/abmostoles.com\/wordpress\/wp-content\/uploads\/2012\/04\/II-TROFEO-ANTONIO-ARDILA-web1.jpg\" alt=\"\" width=\"400\" height=\"410\" srcset=\"http:\/\/abmostoles.com\/wordpress\/wp-content\/uploads\/2012\/04\/II-TROFEO-ANTONIO-ARDILA-web1.jpg 400w, http:\/\/abmostoles.com\/wordpress\/wp-content\/uploads\/2012\/04\/II-TROFEO-ANTONIO-ARDILA-web1-292x300.jpg 292w, http:\/\/abmostoles.com\/wordpress\/wp-content\/uploads\/2012\/04\/II-TROFEO-ANTONIO-ARDILA-web1-24x24.jpg 24w, http:\/\/abmostoles.com\/wordpress\/wp-content\/uploads\/2012\/04\/II-TROFEO-ANTONIO-ARDILA-web1-36x36.jpg 36w, http:\/\/abmostoles.com\/wordpress\/wp-content\/uploads\/2012\/04\/II-TROFEO-ANTONIO-ARDILA-web1-48x48.jpg 48w\" sizes=\"(max-width: 400px) 100vw, 400px\" \/><\/a><p id=\"caption-attachment-1268\" class=\"wp-caption-text\">To\u00f1o recogiendo el II TROFEO &quot;ANTONIO ARDILA&quot; con Rub\u00e9n a la izquierda e Ismael y Jes\u00fas a la derecha.<\/p><\/div>\n<div style=\"text-align: left; padding-left: 30px;\">CONCURSO DE MATES:<br \/>\nLos m\u00e1s peque\u00f1os disfrutaron de uno de los momentos m\u00e1s espectaculares de la tarde del s\u00e1bado, que fue el concurso de mates. Finalmente se alz\u00f3 con la victoria <strong>&#8220;Yuri&#8221;\u00a0Konstantinovichy<\/strong> en 2\u00aa posici\u00f3n <strong>Marcos Moreno.<a href=\"http:\/\/abmostoles.com\/wordpress\/wp-content\/uploads\/2012\/04\/Yuri-2-web1.jpg\"><\/a><\/strong><\/div>\n<div style=\"width: 410px\" class=\"wp-caption aligncenter\"><a href=\"http:\/\/abmostoles.com\/wordpress\/wp-content\/uploads\/2012\/04\/Yuri-2-web1.jpg\"><img loading=\"lazy\" title=\"Yuri 2 web\" src=\"http:\/\/abmostoles.com\/wordpress\/wp-content\/uploads\/2012\/04\/Yuri-2-web1.jpg\" alt=\"\" width=\"400\" height=\"546\" \/><\/a><p class=\"wp-caption-text\">Yuri saltando por encima de un amigo, demostrando de lo que es capaz.<\/p><\/div>\n<dl id=\"attachment_1270\">\n<dt><\/dt>\n<\/dl>\n<div style=\"padding-left: 30px;\">CONCURSO DE TRIPLES:<br \/>\nLos mejores lanzadores de triples de las ligas municipales de Baloncesto de M\u00f3stoles, se disputaron el 10\u00ba concurso. <strong>Felipe &#8220;metralleta&#8221; S\u00e1nchez<\/strong> revalid\u00f3 su t\u00edtulo, seguido muy de cerca de <strong>Manu Collantes<\/strong> que reaparec\u00eda en el concurso, logrando ser subcampe\u00f3n.<\/div>\n<div id=\"attachment_1281\" style=\"width: 410px\" class=\"wp-caption aligncenter\"><a href=\"http:\/\/abmostoles.com\/wordpress\/wp-content\/uploads\/2012\/04\/Felipe-Metralleta-web.jpg\"><img aria-describedby=\"caption-attachment-1281\" loading=\"lazy\" class=\"size-full wp-image-1281\" title=\"Felipe Metralleta web\" src=\"http:\/\/abmostoles.com\/wordpress\/wp-content\/uploads\/2012\/04\/Felipe-Metralleta-web.jpg\" alt=\"\" width=\"400\" height=\"546\" srcset=\"http:\/\/abmostoles.com\/wordpress\/wp-content\/uploads\/2012\/04\/Felipe-Metralleta-web.jpg 400w, http:\/\/abmostoles.com\/wordpress\/wp-content\/uploads\/2012\/04\/Felipe-Metralleta-web-219x300.jpg 219w\" sizes=\"(max-width: 400px) 100vw, 400px\" \/><\/a><p id=\"caption-attachment-1281\" class=\"wp-caption-text\">Felipe sigue con su inmejorable mu\u00f1eca. Fan\u00e1tico de Drazen Petrovic, lanz\u00f3 con su camiseta de la Cibona de Zagreb.<\/p><\/div>\n<div style=\"padding-left: 30px;\">PARTIDO DE LAS ESTRELLAS:<br \/>\nEncuentro entre los jugadores m\u00e1s destacados de las 3 ligas municipales de baloncesto senior, que viven de esta forma parte de la fiesta anual del Baloncesto como premio por el nivel mostrado en la presente temporada.<\/div>\n<div style=\"padding-left: 30px;\">Los 3 combinados de las 3 divisiones (1\u00aa, 2\u00aa y 3\u00aa), disputaron todos los partidos, haci\u00e9ndose con la victoria final la Selecci\u00f3n de 1\u00aa divisi\u00f3n, que necesitaron de prorroga para alzarse con el triunfo final ante el combinado de 2\u00aa divisi\u00f3n.<\/div>\n<div id=\"attachment_1294\" style=\"width: 510px\" class=\"wp-caption aligncenter\"><a href=\"http:\/\/abmostoles.com\/wordpress\/wp-content\/uploads\/2012\/04\/Primera-2012-web.jpg\"><img aria-describedby=\"caption-attachment-1294\" loading=\"lazy\" class=\"size-full wp-image-1294\" title=\"Primera 2012 web\" src=\"http:\/\/abmostoles.com\/wordpress\/wp-content\/uploads\/2012\/04\/Primera-2012-web.jpg\" alt=\"\" width=\"500\" height=\"375\" srcset=\"http:\/\/abmostoles.com\/wordpress\/wp-content\/uploads\/2012\/04\/Primera-2012-web.jpg 500w, http:\/\/abmostoles.com\/wordpress\/wp-content\/uploads\/2012\/04\/Primera-2012-web-300x225.jpg 300w\" sizes=\"(max-width: 500px) 100vw, 500px\" \/><\/a><p id=\"caption-attachment-1294\" class=\"wp-caption-text\">Combinado de 1\u00aa divisi\u00f3n de izda a dcha, arriba Jaime, Manu, V\u00edctor, Miguel, Alex. Abajo, Manrri, Abraham, Oscar y Talaya.<\/p><\/div>\n<div id=\"attachment_1295\" style=\"width: 510px\" class=\"wp-caption aligncenter\"><a href=\"http:\/\/abmostoles.com\/wordpress\/wp-content\/uploads\/2012\/04\/Segunda-2012-web.jpg\"><img aria-describedby=\"caption-attachment-1295\" loading=\"lazy\" class=\"size-full wp-image-1295\" title=\"Segunda 2012 web\" src=\"http:\/\/abmostoles.com\/wordpress\/wp-content\/uploads\/2012\/04\/Segunda-2012-web.jpg\" alt=\"\" width=\"500\" height=\"447\" srcset=\"http:\/\/abmostoles.com\/wordpress\/wp-content\/uploads\/2012\/04\/Segunda-2012-web.jpg 500w, http:\/\/abmostoles.com\/wordpress\/wp-content\/uploads\/2012\/04\/Segunda-2012-web-300x268.jpg 300w\" sizes=\"(max-width: 500px) 100vw, 500px\" \/><\/a><p id=\"caption-attachment-1295\" class=\"wp-caption-text\">Combinado de 2\u00aa divisi\u00f3n de izda. a dcha, arriba Pablo, David, Yuri, Javi, To\u00f1\u00edn. Abajo Juanjo, C\u00e9sar, Isi y Ramiro.<\/p><\/div>\n<div style=\"padding-left: 30px;\">\n<div id=\"attachment_1298\" style=\"width: 510px\" class=\"wp-caption aligncenter\"><a href=\"http:\/\/abmostoles.com\/wordpress\/wp-content\/uploads\/2012\/04\/Tercera-2012-web.jpg\"><img aria-describedby=\"caption-attachment-1298\" loading=\"lazy\" class=\"size-full wp-image-1298\" title=\"Tercera 2012 web\" src=\"http:\/\/abmostoles.com\/wordpress\/wp-content\/uploads\/2012\/04\/Tercera-2012-web.jpg\" alt=\"\" width=\"500\" height=\"363\" srcset=\"http:\/\/abmostoles.com\/wordpress\/wp-content\/uploads\/2012\/04\/Tercera-2012-web.jpg 500w, http:\/\/abmostoles.com\/wordpress\/wp-content\/uploads\/2012\/04\/Tercera-2012-web-300x217.jpg 300w\" sizes=\"(max-width: 500px) 100vw, 500px\" \/><\/a><p id=\"caption-attachment-1298\" class=\"wp-caption-text\">Combinado de 3\u00aa de izda. a dcha., arriba Miguel, Pedro, Rub\u00e9n, Jonathan, Leo, David, Rive y \u00c1ngel. Abajo Jato, Abel, Manolo, _____ y Pedro<\/p><\/div>\n<div style=\"padding-left: 30px;\">El Trofeo al Jugador M\u00e1s Valioso del All Star, recay\u00f3 en <strong>Antonio &#8220;To\u00f1in&#8221; Mart\u00edn<\/strong> de Lost Ferreos.<\/div>\n<div style=\"padding-left: 30px;\">\n<div id=\"attachment_1300\" style=\"width: 310px\" class=\"wp-caption aligncenter\"><a href=\"http:\/\/abmostoles.com\/wordpress\/wp-content\/uploads\/2012\/04\/MVP-2012-Tonin-web.jpg\"><img aria-describedby=\"caption-attachment-1300\" loading=\"lazy\" class=\"size-full wp-image-1300\" title=\"MVP 2012 Tonin web\" src=\"http:\/\/abmostoles.com\/wordpress\/wp-content\/uploads\/2012\/04\/MVP-2012-Tonin-web.jpg\" alt=\"\" width=\"300\" height=\"433\" srcset=\"http:\/\/abmostoles.com\/wordpress\/wp-content\/uploads\/2012\/04\/MVP-2012-Tonin-web.jpg 300w, http:\/\/abmostoles.com\/wordpress\/wp-content\/uploads\/2012\/04\/MVP-2012-Tonin-web-207x300.jpg 207w\" sizes=\"(max-width: 300px) 100vw, 300px\" \/><\/a><p id=\"caption-attachment-1300\" class=\"wp-caption-text\">To\u00f1\u00edn recibiendo el galard\u00f3n de manos de nuestro Vicepresidente Miguel \u00c1ngel Velasco.<\/p><\/div>\n<div style=\"padding-left: 30px;\">Nuestro incombustible <em>speaker <\/em><strong>Alfredo Garc\u00eda<\/strong>, da un color especial al ALL STAR, consiguiendo una complicidad total entre el p\u00fablico asistente y los ni\u00f1os participantes. En la instant\u00e1nea con el grupo de &#8220;intendencia&#8221;. <em>Foto de Jos\u00e9 Mart\u00edn.<\/em><\/div>\n<div style=\"padding-left: 30px;\"><strong><a href=\"http:\/\/abmostoles.com\/wordpress\/wp-content\/uploads\/2012\/04\/Alfredo-intendencia-web1.jpg\"><img loading=\"lazy\" class=\"aligncenter\" title=\"Alfredo Garc\u00eda y voluntarias\" src=\"http:\/\/abmostoles.com\/wordpress\/wp-content\/uploads\/2012\/04\/Alfredo-intendencia-web1.jpg\" alt=\"\" width=\"519\" height=\"365\" \/><\/a><\/strong><\/div>\n<div style=\"padding-left: 30px;\"><strong> <\/strong><\/div>\n<div style=\"padding-left: 30px;\"><strong> <\/strong><\/div>\n<div style=\"padding-left: 30px;\"><strong> <\/strong><\/div>\n<div style=\"padding-left: 30px;\"><strong> <\/strong><\/div>\n<div style=\"padding-left: 30px;\"><strong>Gracias a todos los voluntarios que colaboran durante m\u00e1s o menos tiempo, m\u00e1s o menos d\u00edas, ha sido posible que este torneo se consolide en la zona sur, como la gran fiesta del Baloncesto, desde el 2002.<\/strong><\/div>\n<div style=\"padding-left: 30px;\">Los interesados en adquirir las fotos generales del Torneo, pueden contactar con nosotros en <strong><em>info@abmostoles.com<\/em><\/strong><\/div>\n<div style=\"padding-left: 30px;\">Los finalistas de todas las categor\u00edas del Concurso de Tiros Libres fueron:<\/div>\n<div style=\"padding-left: 30px;\">Escuela Femenino.<\/div>\n<div style=\"padding-left: 30px;\">1\u00ba. <strong>Neila Mart\u00edn <\/strong>del Colegio Liceo Zuloaga.<\/div>\n<div style=\"padding-left: 30px;\">2\u00ba. <strong>Carla Colomo <\/strong>del Colegio Alfonso Rodr\u00edguez Castelao.<\/div>\n<div style=\"padding-left: 30px;\">3\u00ba. <strong>Mar\u00eda Madro\u00f1o <\/strong>del Colegio Gabriel Celaya.<\/div>\n<div style=\"padding-left: 30px;\">4\u00ba. <strong>Laura L\u00f3pez <\/strong>del Colegio Leonardo da Vinci.<\/div>\n<div style=\"padding-left: 30px;\">Escuela Masculino.<\/div>\n<div style=\"padding-left: 30px;\">1\u00ba. <strong>Nicol\u00e1s Rueda <\/strong>del Colegio Celso Emilio Ferreiro.<\/div>\n<div style=\"padding-left: 30px;\">2\u00ba. <strong>Joel Domenec<\/strong> del Colegio Liceo Villafontana.<\/div>\n<div style=\"padding-left: 30px;\">3\u00ba. <strong>C\u00e9sar Serrano <\/strong>del Colegio Alfonso Rodr\u00edguez Castelao.<\/div>\n<div style=\"padding-left: 30px;\">3\u00ba. <strong>Edu Rodr\u00edguez <\/strong>del Colegio Pablo Sarasate. EMPATADOS.<\/div>\n<div style=\"padding-left: 30px;\">Benjam\u00edn Femenino.<\/div>\n<div style=\"padding-left: 30px;\">1\u00aa <strong>Ariadna \u00c1lvarez <\/strong>del Colegio Villa de M\u00f3stoles.<\/div>\n<div style=\"padding-left: 30px;\">2\u00aa <strong>Paola Cort\u00e9s <\/strong>del Colegio Severo Ochoa.<\/div>\n<div style=\"padding-left: 30px;\">3\u00aa <strong>Candela Riarzor <\/strong>del Colegio Severo Ochoa.<\/div>\n<div style=\"padding-left: 30px;\">4\u00aa <strong>Sonia Mart\u00ednez <\/strong>del Colegio P\u00edo Baroja.<\/div>\n<div style=\"padding-left: 30px;\">Benjam\u00edn Masculino.<\/div>\n<div style=\"padding-left: 30px;\">1\u00ba <strong>Pablo Cantador <\/strong>del Colegio Villa de M\u00f3stoles.<\/div>\n<div style=\"padding-left: 30px;\">2\u00ba <strong>Izan Balmasedo<\/strong> del Colegio Liceo Zuloaga.<\/div>\n<div style=\"padding-left: 30px;\">3\u00ba <strong>Borja Fierro<\/strong> del Colegio Severo Ochoa.<\/div>\n<div style=\"padding-left: 30px;\">4\u00ba <strong>Adri\u00e1n Huete<\/strong> del Colegio Benito P\u00e9rez Gald\u00f3s.<\/div>\n<div style=\"padding-left: 30px;\">Alev\u00edn Femenino<\/div>\n<div style=\"padding-left: 30px;\">1\u00aa <strong>Sandra Mart\u00edn<\/strong> del Colegio Beato Sim\u00f3n de Rojas.<\/div>\n<div style=\"padding-left: 30px;\">2\u00aa <strong>Ahinoa Alda<\/strong> del Colegio San Luis Gonzaga.<\/div>\n<div style=\"padding-left: 30px;\">3\u00aa <strong>Lidia Zabalgo<\/strong> del Colegio Salzillo Valle-Incl\u00e1n.<\/div>\n<div style=\"padding-left: 30px;\">4\u00aa <strong>Lidia Rom\u00e1n<\/strong> del Colegio Severo Ochoa.<\/div>\n<div style=\"padding-left: 30px;\">Alev\u00edn Masculino.<\/div>\n<div style=\"padding-left: 30px;\">1\u00ba <strong>V\u00edctor Mart\u00edn <\/strong>del Colegio Villa de M\u00f3stoles.<\/div>\n<div style=\"padding-left: 30px;\">2\u00ba <strong>Alejandro \u00c1lvarez <\/strong>del Colegio Villa de M\u00f3stoles.<\/div>\n<div style=\"padding-left: 30px;\">3\u00ba\u00a0<strong>Sergio de Arriba<\/strong> del Colegio Celso Emilio Ferreiro.<\/div>\n<div style=\"padding-left: 30px;\">4\u00ba <strong>David Alonso <\/strong>del Colegio Alonso Cano.<\/div>\n<div style=\"padding-left: 30px;\">Infantil Femenino<\/div>\n<div style=\"padding-left: 30px;\">1\u00aa <strong>Teresa Abad <\/strong>del Instituto Liceo Zuloaga.<\/div>\n<div style=\"padding-left: 30px;\">2\u00aa <strong>Miriam Mata<\/strong> del IES Antonio Gala.<\/div>\n<div style=\"padding-left: 30px;\">3\u00aa <strong>Naiara Polo<\/strong> del IES Europa.<\/div>\n<div style=\"padding-left: 30px;\">4\u00aa <strong>Ana Gonz\u00e1lez<\/strong> IES Luis Bu\u00f1uel.<\/div>\n<div style=\"padding-left: 30px;\">Infantil Masculino.<\/div>\n<div style=\"padding-left: 30px;\">1\u00ba <strong>\u00c1lvaro Benito.<\/strong><\/div>\n<div style=\"padding-left: 30px;\">2\u00ba <strong>Pablo Alonso<\/strong> del Instituto Villa de M\u00f3stoles.<\/div>\n<div style=\"padding-left: 30px;\">3\u00ba <strong>Eduardo Oreja<\/strong> del IES Gabriel Cisneros.<\/div>\n<div style=\"padding-left: 30px;\">4\u00ba <strong>Adri\u00e1n Almodovar<\/strong> del IES Gabriel Cisneros.<\/div>\n<div style=\"padding-left: 30px;\">Cadete Femenino.<\/div>\n<div style=\"padding-left: 30px;\">1\u00aa <strong>Ver\u00f3nica Percium<\/strong> del IES Vel\u00e1zquez.<\/div>\n<div style=\"padding-left: 30px;\">2\u00aa\u00a0<strong>Jara Anta <\/strong>del IES Gabriel Cisneros.<\/div>\n<div style=\"padding-left: 30px;\">3\u00aa <strong>Ana M\u00aa Henao<\/strong> del IES Europa.<\/div>\n<div style=\"padding-left: 30px;\">4\u00aa <strong>Zurayma Alfredo<\/strong> del IES Vel\u00e1zquez.<\/div>\n<div style=\"padding-left: 30px;\">Cadete Masculino.<\/div>\n<div style=\"padding-left: 30px;\">1\u00ba <strong>Miguel Medina <\/strong>del Colegio La Salle.<\/div>\n<div style=\"padding-left: 30px;\">2\u00ba <strong>Jes\u00fas Rodr\u00edguez<\/strong> del Instituto Villa de M\u00f3stoles.<\/div>\n<div style=\"padding-left: 30px;\">3\u00ba\u00a0<strong>Alejandro Majarin <\/strong>del Colegio Amanecer.<\/div>\n<div style=\"padding-left: 30px;\">4\u00ba <strong>Carlos Moraleda<\/strong><\/div>\n<div style=\"padding-left: 30px;\"><strong> <\/strong><\/div>\n<\/div>\n<\/div>\n","protected":false},"excerpt":{"rendered":"<p>Inmejorable forma de celebrar una d\u00e9cada organizando el ALL STAR POR LA CONVIVENCIA. Gracias al trabajo realizado por los voluntarios y a la importante colaboraci\u00f3n de los profesores de Educaci\u00f3n F\u00edsica de los muchos colegios participantes, hemos conseguido superar los 490 participantes del a\u00f1o 2005, llegando en esta 10\u00aa edici\u00f3n a 512 ni\u00f1os, con m\u00e1s <a href='http:\/\/abmostoles.com\/wordpress\/?p=1250'>[&#8230;]<\/a><\/p>\n","protected":false},"author":1,"featured_media":0,"comment_status":"open","ping_status":"open","sticky":false,"template":"","format":"standard","meta":[],"categories":[1],"tags":[],"_links":{"self":[{"href":"http:\/\/abmostoles.com\/wordpress\/index.php?rest_route=\/wp\/v2\/posts\/1250"}],"collection":[{"href":"http:\/\/abmostoles.com\/wordpress\/index.php?rest_route=\/wp\/v2\/posts"}],"about":[{"href":"http:\/\/abmostoles.com\/wordpress\/index.php?rest_route=\/wp\/v2\/types\/post"}],"author":[{"embeddable":true,"href":"http:\/\/abmostoles.com\/wordpress\/index.php?rest_route=\/wp\/v2\/users\/1"}],"replies":[{"embeddable":true,"href":"http:\/\/abmostoles.com\/wordpress\/index.php?rest_route=%2Fwp%2Fv2%2Fcomments&post=1250"}],"version-history":[{"count":34,"href":"http:\/\/abmostoles.com\/wordpress\/index.php?rest_route=\/wp\/v2\/posts\/1250\/revisions"}],"predecessor-version":[{"id":1253,"href":"http:\/\/abmostoles.com\/wordpress\/index.php?rest_route=\/wp\/v2\/posts\/1250\/revisions\/1253"}],"wp:attachment":[{"href":"http:\/\/abmostoles.com\/wordpress\/index.php?rest_route=%2Fwp%2Fv2%2Fmedia&parent=1250"}],"wp:term":[{"taxonomy":"category","embeddable":true,"href":"http:\/\/abmostoles.com\/wordpress\/index.php?rest_route=%2Fwp%2Fv2%2Fcategories&post=1250"},{"taxonomy":"post_tag","embeddable":true,"href":"http:\/\/abmostoles.com\/wordpress\/index.php?rest_route=%2Fwp%2Fv2%2Ftags&post=1250"}],"curies":[{"name":"wp","href":"https:\/\/api.w.org\/{rel}","templated":true}]}}